{"id":11544,"date":"2025-09-23T13:11:08","date_gmt":"2025-09-23T13:11:08","guid":{"rendered":"https:\/\/vulletic.com.ar\/?p=11544"},"modified":"2026-03-04T15:42:34","modified_gmt":"2026-03-04T15:42:34","slug":"instalacion-de-un-cargador-para-autos-electricos-en-casa-todo-lo-que-necesitas-saber","status":"publish","type":"post","link":"https:\/\/vulletic.com.ar\/pt\/instalacion-de-un-cargador-para-autos-electricos-en-casa-todo-lo-que-necesitas-saber\/","title":{"rendered":"Instalaci\u00f3n de un cargador para autos el\u00e9ctricos en casa: Todo lo que necesit\u00e1s saber"},"content":{"rendered":"<p><span style=\"font-weight: 400;\">Si ya ten\u00e9s o est\u00e1s por adquirir un auto el\u00e9ctrico, una de las primeras preguntas que aparece es: \u00bfd\u00f3nde lo cargo? La respuesta m\u00e1s c\u00f3moda, m\u00e1s econ\u00f3mica y m\u00e1s pr\u00e1ctica siempre va a ser: en casa.<\/span><!--more--><\/p>\n<p><span style=\"font-weight: 400;\">Y los n\u00fameros lo confirman. Seg\u00fan datos de 2026, cargar un auto el\u00e9ctrico con energ\u00eda domiciliaria puede costar entre 4 y 6 veces menos que hacerlo en un cargador p\u00fablico. Para recorrer 500 km, la carga en casa ronda los $10.800, mientras que en estaciones p\u00fablicas puede superar los $50.000. Tener tu propio punto de carga no es un lujo: es una decisi\u00f3n financiera inteligente.<\/span><\/p>\n<p><span style=\"font-weight: 400;\">Nuestro Cargador Primo fue dise\u00f1ado exactamente para eso: hacer que cargar en casa sea sencillo, r\u00e1pido y eficiente. Ac\u00e1 te contamos todo lo que necesit\u00e1s saber antes de instalarlo.<\/span><\/p>\n<h2><b>\u00bfPor qu\u00e9 conviene tener un cargador en casa?<br \/>\n<\/b><\/h2>\n<p><b><\/b><b><\/b><span style=\"font-weight: 400;\">M\u00e1s all\u00e1 del ahorro econ\u00f3mico, instalar un cargador dom\u00e9stico cambia por completo la experiencia de tener un auto el\u00e9ctrico:<\/span><\/p>\n<ul>\n<li style=\"font-weight: 400;\" aria-level=\"1\"><span style=\"font-weight: 400;\">Comodidad absoluta: lleg\u00e1s a tu casa, enchuf\u00e1s y listo. A la ma\u00f1ana siguiente ten\u00e9s el auto cargado.<\/span><\/li>\n<li style=\"font-weight: 400;\" aria-level=\"1\"><span style=\"font-weight: 400;\">Ahorro real: aprovech\u00e1s las tarifas el\u00e9ctricas residenciales, especialmente en horarios nocturnos, que son significativamente m\u00e1s bajas que las de cargadores p\u00fablicos.<\/span><\/li>\n<li style=\"font-weight: 400;\" aria-level=\"1\"><span style=\"font-weight: 400;\">Control total: monitore\u00e1s el proceso de carga y pod\u00e9s integrar el sistema a paneles solares si ya los ten\u00e9s instalados.<\/span><\/li>\n<li style=\"font-weight: 400;\" aria-level=\"1\"><span style=\"font-weight: 400;\">Independencia: no depend\u00e9s de la disponibilidad de cargadores p\u00fablicos ni de cambios tarifarios externos.<\/span><\/li>\n<\/ul>\n<h3><b>\u00bfQui\u00e9n puede instalar el cargador en mi domicilio?<\/b><\/h3>\n<p><span style=\"font-weight: 400;\">La instalaci\u00f3n del Cargador Primo es m\u00e1s sencilla de lo que imagin\u00e1s y se completa en unas pocas horas. Eso s\u00ed, es imprescindible que la realice un t\u00e9cnico electricista certificado. Esto garantiza que todo el sistema quede correctamente conectado, seguro y habilitado.<\/span><\/p>\n<p><span style=\"font-weight: 400;\">Desde nuestro equipo te acompa\u00f1amos en cada paso: te enviamos los requisitos t\u00e9cnicos, respondemos las consultas que surjan y brindamos soporte durante y despu\u00e9s de la instalaci\u00f3n. No est\u00e1s solo en el proceso.<\/span><\/p>\n<h3><b>\u00bfC\u00f3mo es el proceso de instalaci\u00f3n paso a paso?<\/b><\/h3>\n<p><b><\/b><span style=\"font-weight: 400;\">El t\u00e9cnico electricista seguir\u00e1 estos pasos para dejarte el punto de carga listo:<\/span><\/p>\n<ol>\n<li style=\"font-weight: 400;\" aria-level=\"1\"><span style=\"font-weight: 400;\">Revisi\u00f3n del sistema el\u00e9ctrico del hogar: se verifica que la instalaci\u00f3n soporte la potencia requerida y se realizan las adaptaciones necesarias si es el caso.<\/span><\/li>\n<li style=\"font-weight: 400;\" aria-level=\"1\"><span style=\"font-weight: 400;\">Selecci\u00f3n del lugar de instalaci\u00f3n: el Cargador Primo est\u00e1 dise\u00f1ado para interiores, idealmente el garaje o una zona cubierta.<\/span><\/li>\n<li style=\"font-weight: 400;\" aria-level=\"1\"><span style=\"font-weight: 400;\">Conexi\u00f3n a la red el\u00e9ctrica: el t\u00e9cnico realiza la conexi\u00f3n con todas las protecciones correspondientes.<\/span><\/li>\n<li style=\"font-weight: 400;\" aria-level=\"1\"><span style=\"font-weight: 400;\">Prueba y puesta en marcha: se comprueba el funcionamiento correcto y, si todo est\u00e1 en orden, \u00a1ya pod\u00e9s empezar a cargar!<\/span><\/li>\n<\/ol>\n<h3><b>Preguntas frecuentes sobre la instalaci\u00f3n del Cargador Primo<\/b><\/h3>\n<h4><b>\u00bfTengo paneles solares. \u00bfPuedo conectar el cargador a ellos?<\/b><\/h4>\n<p><span style=\"font-weight: 400;\">S\u00ed, y es una combinaci\u00f3n ideal. El Cargador Primo puede integrarse a sistemas de energ\u00eda solar fotovoltaica, lo que te permite cargar tu auto pr\u00e1cticamente sin costo energ\u00e9tico adicional. Solo necesit\u00e1s coordinar la configuraci\u00f3n con el electricista durante la instalaci\u00f3n.<\/span><\/p>\n<h4><b>\u00bfCu\u00e1nto tiempo lleva instalar el cargador?<\/b><\/h4>\n<p><span style=\"font-weight: 400;\">En la mayor\u00eda de los casos, el proceso completo (evaluaci\u00f3n el\u00e9ctrica, instalaci\u00f3n y pruebas) toma entre 2 y 4 horas. Es r\u00e1pido y no requiere obras complejas en tu hogar.<\/span><\/p>\n<h4><b>\u00bfQu\u00e9 pasa si necesito ayuda despu\u00e9s de la instalaci\u00f3n?<\/b><\/h4>\n<p><span style=\"font-weight: 400;\">Nuestro equipo est\u00e1 disponible para brindarte soporte t\u00e9cnico en cualquier momento. Desde el primer contacto hasta despu\u00e9s de la instalaci\u00f3n, te acompa\u00f1amos para que la experiencia sea sin complicaciones.<\/span><\/p>\n<h4><b>\u00bfEl cargador funciona con cualquier auto el\u00e9ctrico?<\/b><\/h4>\n<p><span style=\"font-weight: 400;\">El Cargador Primo es compatible con los modelos el\u00e9ctricos m\u00e1s comercializados en el mercado. Si ten\u00e9s dudas sobre compatibilidad con tu veh\u00edculo espec\u00edfico, pod\u00e9s consultarnos antes de realizar la compra.<\/span><\/p>\n<h4><b>El paso final hacia una carga c\u00f3moda, segura y econ\u00f3mica<\/b><\/h4>\n<p><span style=\"font-weight: 400;\">Instalar un cargador en casa transforma completamente la experiencia de tener un auto el\u00e9ctrico. Dej\u00e1s de depender de la infraestructura p\u00fablica, ahorr\u00e1s en cada carga y gan\u00e1s en comodidad y control.<\/span><\/p>\n<p><span style=\"font-weight: 400;\">El Cargador Primo, con su dise\u00f1o elegante y su instalaci\u00f3n accesible, es la soluci\u00f3n ideal para quienes quieren dar ese paso sin complicaciones. Con el respaldo de un t\u00e9cnico certificado y nuestro acompa\u00f1amiento, tu punto de carga estar\u00e1 listo en pocas horas.<\/span><\/p>\n<p><b>\u00bfListo para empezar? <\/b><span style=\"font-weight: 400;\">Contactanos y te guiamos en todo el proceso de instalaci\u00f3n de tu Cargador Primo.<\/span><\/p>","protected":false},"excerpt":{"rendered":"<p>Si ya ten\u00e9s o est\u00e1s por adquirir un auto el\u00e9ctrico, una de las primeras preguntas que aparece es: \u00bfd\u00f3nde lo cargo? La respuesta m\u00e1s c\u00f3moda, m\u00e1s econ\u00f3mica y m\u00e1s pr\u00e1ctica siempre va a ser: en casa.<\/p>","protected":false},"author":3,"featured_media":11980,"comment_status":"closed","ping_status":"closed","sticky":false,"template":"elementor_theme","format":"image","meta":{"_joinchat":[],"footnotes":""},"categories":[1],"tags":[],"class_list":["post-11544","post","type-post","status-publish","format-image","has-post-thumbnail","hentry","category-vehiculos","post_format-post-format-image"],"_links":{"self":[{"href":"https:\/\/vulletic.com.ar\/pt\/wp-json\/wp\/v2\/posts\/11544","targetHints":{"allow":["GET"]}}],"collection":[{"href":"https:\/\/vulletic.com.ar\/pt\/wp-json\/wp\/v2\/posts"}],"about":[{"href":"https:\/\/vulletic.com.ar\/pt\/wp-json\/wp\/v2\/types\/post"}],"author":[{"embeddable":true,"href":"https:\/\/vulletic.com.ar\/pt\/wp-json\/wp\/v2\/users\/3"}],"replies":[{"embeddable":true,"href":"https:\/\/vulletic.com.ar\/pt\/wp-json\/wp\/v2\/comments?post=11544"}],"version-history":[{"count":6,"href":"https:\/\/vulletic.com.ar\/pt\/wp-json\/wp\/v2\/posts\/11544\/revisions"}],"predecessor-version":[{"id":11985,"href":"https:\/\/vulletic.com.ar\/pt\/wp-json\/wp\/v2\/posts\/11544\/revisions\/11985"}],"wp:featuredmedia":[{"embeddable":true,"href":"https:\/\/vulletic.com.ar\/pt\/wp-json\/wp\/v2\/media\/11980"}],"wp:attachment":[{"href":"https:\/\/vulletic.com.ar\/pt\/wp-json\/wp\/v2\/media?parent=11544"}],"wp:term":[{"taxonomy":"category","embeddable":true,"href":"https:\/\/vulletic.com.ar\/pt\/wp-json\/wp\/v2\/categories?post=11544"},{"taxonomy":"post_tag","embeddable":true,"href":"https:\/\/vulletic.com.ar\/pt\/wp-json\/wp\/v2\/tags?post=11544"}],"curies":[{"name":"wp","href":"https:\/\/api.w.org\/{rel}","templated":true}]}}